{"id":20014,"date":"2023-11-10T15:40:18","date_gmt":"2023-11-10T14:40:18","guid":{"rendered":"https:\/\/www.baruffaldi.eu\/2023\/11\/10\/guidarello-giovani-award-2023-baruffaldi\/"},"modified":"2023-12-01T14:45:19","modified_gmt":"2023-12-01T13:45:19","slug":"guidarello-giovani-2023-baruffaldi","status":"publish","type":"post","link":"https:\/\/www.baruffaldi.eu\/it\/2023\/11\/10\/guidarello-giovani-2023-baruffaldi\/","title":{"rendered":"Guidarello Giovani 2023 &#8211; Una Sostenibilit\u00e0 di Successo"},"content":{"rendered":"\t\t<div data-elementor-type=\"wp-post\" data-elementor-id=\"20014\" class=\"elementor elementor-20014 elementor-19931\" data-elementor-settings=\"[]\">\n\t\t\t\t\t\t\t<div class=\"elementor-section-wrap\">\n\t\t\t\t\t\t\t<section class=\"elementor-section elementor-top-section elementor-element elementor-element-ede0d88 elementor-section-height-min-height elementor-section-boxed elementor-section-height-default elementor-section-items-middle\" data-id=\"ede0d88\" data-element_type=\"section\" data-settings=\"{&quot;background_background&quot;:&quot;classic&quot;,&quot;ekit_has_onepagescroll_dot&quot;:&quot;yes&quot;}\">\n\t\t\t\t\t\t<div class=\"elementor-container elementor-column-gap-wider\">\n\t\t\t\t\t<div class=\"elementor-column elementor-col-100 elementor-top-column elementor-element elementor-element-d976a54\" data-id=\"d976a54\" data-element_type=\"column\" data-settings=\"{&quot;background_background&quot;:&quot;classic&quot;}\">\n\t\t\t<div class=\"elementor-widget-wrap elementor-element-populated\">\n\t\t\t\t\t\t\t\t<div class=\"elementor-element elementor-element-9d98b30 elementor-widget elementor-widget-heading\" data-id=\"9d98b30\" data-element_type=\"widget\" data-settings=\"{&quot;ekit_we_effect_on&quot;:&quot;none&quot;}\" data-widget_type=\"heading.default\">\n\t\t\t\t<div class=\"elementor-widget-container\">\n\t\t\t<h2 class=\"elementor-heading-title elementor-size-default\">Guidarello Giovani 2023 &#8211; Una Sostenibilit\u00e0 di Successo<\/h2>\t\t<\/div>\n\t\t\t\t<\/div>\n\t\t\t\t\t<\/div>\n\t\t<\/div>\n\t\t\t\t\t\t\t<\/div>\n\t\t<\/section>\n\t\t\t\t<section class=\"elementor-section elementor-top-section elementor-element elementor-element-cc229cd elementor-section-boxed elementor-section-height-default elementor-section-height-default\" data-id=\"cc229cd\" data-element_type=\"section\" data-settings=\"{&quot;ekit_has_onepagescroll_dot&quot;:&quot;yes&quot;}\">\n\t\t\t\t\t\t<div class=\"elementor-container elementor-column-gap-default\">\n\t\t\t\t\t<div class=\"elementor-column elementor-col-50 elementor-top-column elementor-element elementor-element-5109a7b\" data-id=\"5109a7b\" data-element_type=\"column\">\n\t\t\t<div class=\"elementor-widget-wrap elementor-element-populated\">\n\t\t\t\t\t\t\t\t<div class=\"elementor-element elementor-element-7d42f21 elementor-arrows-position-inside elementor-pagination-position-outside elementor-widget elementor-widget-image-carousel\" data-id=\"7d42f21\" data-element_type=\"widget\" data-settings=\"{&quot;slides_to_show&quot;:&quot;1&quot;,&quot;navigation&quot;:&quot;both&quot;,&quot;autoplay&quot;:&quot;yes&quot;,&quot;pause_on_hover&quot;:&quot;yes&quot;,&quot;pause_on_interaction&quot;:&quot;yes&quot;,&quot;autoplay_speed&quot;:5000,&quot;infinite&quot;:&quot;yes&quot;,&quot;effect&quot;:&quot;slide&quot;,&quot;speed&quot;:500,&quot;ekit_we_effect_on&quot;:&quot;none&quot;}\" data-widget_type=\"image-carousel.default\">\n\t\t\t\t<div class=\"elementor-widget-container\">\n\t\t\t\t\t<div class=\"elementor-image-carousel-wrapper swiper-container\" dir=\"ltr\">\n\t\t\t<div class=\"elementor-image-carousel swiper-wrapper\">\n\t\t\t\t\t\t\t\t<div class=\"swiper-slide\"><figure class=\"swiper-slide-inner\"><img class=\"swiper-slide-image\" src=\"https:\/\/www.baruffaldi.eu\/wp-content\/uploads\/2023\/11\/Premiazione-Guidarello-2023.png\" alt=\"Premiazione Guidarello 2023\" \/><\/figure><\/div><div class=\"swiper-slide\"><figure class=\"swiper-slide-inner\"><img class=\"swiper-slide-image\" src=\"https:\/\/www.baruffaldi.eu\/wp-content\/uploads\/2023\/11\/Guidarello-rep.-Dosi.png\" alt=\"Guidarello-rep. Dosi\" \/><\/figure><\/div><div class=\"swiper-slide\"><figure class=\"swiper-slide-inner\"><img class=\"swiper-slide-image\" src=\"https:\/\/www.baruffaldi.eu\/wp-content\/uploads\/2023\/11\/Visita-museo-RAF.png\" alt=\"Visita museo RAF\" \/><\/figure><\/div><div class=\"swiper-slide\"><figure class=\"swiper-slide-inner\"><img class=\"swiper-slide-image\" src=\"https:\/\/www.baruffaldi.eu\/wp-content\/uploads\/2023\/11\/Visita-Guidarello.png\" alt=\"Visita Guidarello\" \/><\/figure><\/div>\t\t\t<\/div>\n\t\t\t\t\t\t\t\t\t\t\t\t<div class=\"swiper-pagination\"><\/div>\n\t\t\t\t\t\t\t\t\t\t\t\t\t<div class=\"elementor-swiper-button elementor-swiper-button-prev\">\n\t\t\t\t\t\t<i class=\"eicon-chevron-left\" aria-hidden=\"true\"><\/i>\n\t\t\t\t\t\t<span class=\"elementor-screen-only\">Precedente<\/span>\n\t\t\t\t\t<\/div>\n\t\t\t\t\t<div class=\"elementor-swiper-button elementor-swiper-button-next\">\n\t\t\t\t\t\t<i class=\"eicon-chevron-right\" aria-hidden=\"true\"><\/i>\n\t\t\t\t\t\t<span class=\"elementor-screen-only\">Successivo<\/span>\n\t\t\t\t\t<\/div>\n\t\t\t\t\t\t\t\t\t<\/div>\n\t\t\t\t<\/div>\n\t\t\t\t<\/div>\n\t\t\t\t\t<\/div>\n\t\t<\/div>\n\t\t\t\t<div class=\"elementor-column elementor-col-50 elementor-top-column elementor-element elementor-element-b1d4fea\" data-id=\"b1d4fea\" data-element_type=\"column\">\n\t\t\t<div class=\"elementor-widget-wrap elementor-element-populated\">\n\t\t\t\t\t\t\t\t<div class=\"elementor-element elementor-element-aa30bfd elementor-widget elementor-widget-text-editor\" data-id=\"aa30bfd\" data-element_type=\"widget\" data-settings=\"{&quot;ekit_we_effect_on&quot;:&quot;none&quot;}\" data-widget_type=\"text-editor.default\">\n\t\t\t\t<div class=\"elementor-widget-container\">\n\t\t\t\t\t\t\t<p><span style=\"color: unset; font-family: inherit; font-size: inherit; font-weight: inherit; letter-spacing: inherit;\">Anche quest&#8217;anno il Gruppo Dosi ha aderito all&#8217;iniziativa<\/span><span style=\"color: unset; font-family: inherit; font-size: inherit; font-weight: inherit; letter-spacing: inherit;\"> &#8220;Guidarello Giovani XVII &#8211; Reportage in Azienda&#8221;, organizzata da Confindustria Romagna, in collaborazione con l&#8217;Ufficio Regionale per l&#8217;Emilia Romagna &#8211; Ambito Territoriale di Ravenna, e con l&#8217;appoggio della CCIAA di Ravenna. Il concorso, ormai consolidato come uno dei principali interventi di orientamento per i giovani<\/span><span style=\"color: unset; font-family: inherit; font-size: inherit; font-weight: inherit; letter-spacing: inherit;\">, \u00e8 rivolto agli studenti delle scuole medie superiori della Provincia, incaricati di sviluppare una loro presentazione dell&#8217;azienda che visitano.<\/span><\/p><p>Marted\u00ec 17 Ottobre 2023, la classe 4 AEI Elettronica dell&#8217;Istituto Tecnico Industriale Statale I.T.I.S. &#8220;NULLO BALDINI&#8221; di Ravenna\u00a0\u00e8 venuta a scoprire la storia, l&#8217;organizzazione ed il processo produttivo della aziende del Gruppo Dosi.<\/p>\t\t\t\t\t\t<\/div>\n\t\t\t\t<\/div>\n\t\t\t\t\t<\/div>\n\t\t<\/div>\n\t\t\t\t\t\t\t<\/div>\n\t\t<\/section>\n\t\t\t\t<section class=\"elementor-section elementor-top-section elementor-element elementor-element-5af5093 elementor-section-boxed elementor-section-height-default elementor-section-height-default\" data-id=\"5af5093\" data-element_type=\"section\" data-settings=\"{&quot;ekit_has_onepagescroll_dot&quot;:&quot;yes&quot;}\">\n\t\t\t\t\t\t<div class=\"elementor-container elementor-column-gap-default\">\n\t\t\t\t\t<div class=\"elementor-column elementor-col-100 elementor-top-column elementor-element elementor-element-acec5ab\" data-id=\"acec5ab\" data-element_type=\"column\">\n\t\t\t<div class=\"elementor-widget-wrap elementor-element-populated\">\n\t\t\t\t\t\t\t\t<div class=\"elementor-element elementor-element-b5fa61d elementor-widget elementor-widget-text-editor\" data-id=\"b5fa61d\" data-element_type=\"widget\" data-settings=\"{&quot;ekit_we_effect_on&quot;:&quot;none&quot;}\" data-widget_type=\"text-editor.default\">\n\t\t\t\t<div class=\"elementor-widget-container\">\n\t\t\t\t\t\t\t<p>Durante la visita, il dott. Alberto Dosi ha raccontato ai ragazzi un po&#8217; di storia dell&#8217;impresa e ha risposto alle domande e curiosit\u00e0 della classe sia sull&#8217;azienda sia sul museo dei Romagna Air Finders. Inoltre, il dott. Dosi ha spiegato ai ragazzi che cosa significa sostenibilit\u00e0 all&#8217;interno di un&#8217;impresa e cosa sta facendo per migliorare la sostenibilit\u00e0 delle sue aziende.\u00a0<\/p><p>Vista la grande curiosit\u00e0 degli studenti nei confronti del museo dei Romagna Air Finders, \u00e8 stata organizzata anche una visita. Il piccolo gruppo che ha visitato il museo \u00e8 rimasto talmente tanto colpito da decidere di dedicargli una sezione del video.<\/p><p>Durante la premiazione il 09.11.2023, la classe ha vinto il &#8220;Premio Sostenibilit\u00e0&#8221; grazie al video che hanno fatto che fonde la teoria che hanno imparato a scuola con ci\u00f2 che hanno visto durante la visita.\u00a0Il video fatto dai ragazzi rappresenta a pieno l&#8217;azienda e, tramite i loro occhi, hanno convogliato le idee di avanguardia e futuro che stanno alla base del DNA del Gruppo Dosi.<\/p>\t\t\t\t\t\t<\/div>\n\t\t\t\t<\/div>\n\t\t\t\t\t<\/div>\n\t\t<\/div>\n\t\t\t\t\t\t\t<\/div>\n\t\t<\/section>\n\t\t\t\t<section class=\"elementor-section elementor-top-section elementor-element elementor-element-8a0012a elementor-section-boxed elementor-section-height-default elementor-section-height-default\" data-id=\"8a0012a\" data-element_type=\"section\" data-settings=\"{&quot;ekit_has_onepagescroll_dot&quot;:&quot;yes&quot;}\">\n\t\t\t\t\t\t<div class=\"elementor-container elementor-column-gap-default\">\n\t\t\t\t\t<div class=\"elementor-column elementor-col-100 elementor-top-column elementor-element elementor-element-2b2431f\" data-id=\"2b2431f\" data-element_type=\"column\">\n\t\t\t<div class=\"elementor-widget-wrap elementor-element-populated\">\n\t\t\t\t\t\t\t\t<div class=\"elementor-element elementor-element-943aab5 elementor-aspect-ratio-169 elementor-widget elementor-widget-video\" data-id=\"943aab5\" data-element_type=\"widget\" data-settings=\"{&quot;youtube_url&quot;:&quot;https:\\\/\\\/youtu.be\\\/34B2JfeSBRs&quot;,&quot;autoplay&quot;:&quot;yes&quot;,&quot;loop&quot;:&quot;yes&quot;,&quot;video_type&quot;:&quot;youtube&quot;,&quot;controls&quot;:&quot;yes&quot;,&quot;aspect_ratio&quot;:&quot;169&quot;,&quot;ekit_we_effect_on&quot;:&quot;none&quot;}\" data-widget_type=\"video.default\">\n\t\t\t\t<div class=\"elementor-widget-container\">\n\t\t\t\t\t<div class=\"elementor-wrapper elementor-fit-aspect-ratio elementor-open-inline\">\n\t\t\t<div class=\"elementor-video\"><\/div>\t\t<\/div>\n\t\t\t\t<\/div>\n\t\t\t\t<\/div>\n\t\t\t\t\t<\/div>\n\t\t<\/div>\n\t\t\t\t\t\t\t<\/div>\n\t\t<\/section>\n\t\t\t\t<section class=\"elementor-section elementor-top-section elementor-element elementor-element-631e3ec elementor-section-boxed elementor-section-height-default elementor-section-height-default\" data-id=\"631e3ec\" data-element_type=\"section\" data-settings=\"{&quot;ekit_has_onepagescroll_dot&quot;:&quot;yes&quot;}\">\n\t\t\t\t\t\t<div class=\"elementor-container elementor-column-gap-default\">\n\t\t\t\t\t<div class=\"elementor-column elementor-col-50 elementor-top-column elementor-element elementor-element-1deca72\" data-id=\"1deca72\" data-element_type=\"column\">\n\t\t\t<div class=\"elementor-widget-wrap elementor-element-populated\">\n\t\t\t\t\t\t\t\t<div class=\"elementor-element elementor-element-d85c966 elementor-widget elementor-widget-text-editor\" data-id=\"d85c966\" data-element_type=\"widget\" data-settings=\"{&quot;ekit_we_effect_on&quot;:&quot;none&quot;}\" data-widget_type=\"text-editor.default\">\n\t\t\t\t<div class=\"elementor-widget-container\">\n\t\t\t\t\t\t\t<p><span style=\"color: unset; font-family: inherit; font-size: inherit; font-weight: inherit; letter-spacing: inherit;\">A conclusione di un mese dedicato ai ragazzi, marted\u00ec 28 Novembre 2023 la classe 3COE \u2013 ind. Elettronica del Polo Tecnico Professionale di Lugo ha visitato le aziende del Gruppo Dosi, in occasione\u00a0della Quattordicesima Giornata Nazionale delle Piccole e Medie Imprese (PMI DAY), organizzata da Piccola Industria Confindustria per far conoscere alle nuove generazioni il mondo dell\u2019impresa e le sue opportunit\u00e0.\u00a0<\/span><\/p>\t\t\t\t\t\t<\/div>\n\t\t\t\t<\/div>\n\t\t\t\t\t<\/div>\n\t\t<\/div>\n\t\t\t\t<div class=\"elementor-column elementor-col-50 elementor-top-column elementor-element elementor-element-e12aa42\" data-id=\"e12aa42\" data-element_type=\"column\">\n\t\t\t<div class=\"elementor-widget-wrap elementor-element-populated\">\n\t\t\t\t\t\t\t\t<div class=\"elementor-element elementor-element-33a612d elementor-widget elementor-widget-image\" data-id=\"33a612d\" data-element_type=\"widget\" data-settings=\"{&quot;ekit_we_effect_on&quot;:&quot;none&quot;}\" data-widget_type=\"image.default\">\n\t\t\t\t<div class=\"elementor-widget-container\">\n\t\t\t\t\t\t\t\t\t\t\t\t\t\t\t<img width=\"900\" height=\"501\" src=\"https:\/\/www.baruffaldi.eu\/wp-content\/uploads\/2023\/11\/PMI-DAY-2023-scaled-e1701438306989-1024x570.jpg\" class=\"attachment-large size-large\" alt=\"\" loading=\"lazy\" srcset=\"https:\/\/www.baruffaldi.eu\/wp-content\/uploads\/2023\/11\/PMI-DAY-2023-scaled-e1701438306989-1024x570.jpg 1024w, https:\/\/www.baruffaldi.eu\/wp-content\/uploads\/2023\/11\/PMI-DAY-2023-scaled-e1701438306989-300x167.jpg 300w, https:\/\/www.baruffaldi.eu\/wp-content\/uploads\/2023\/11\/PMI-DAY-2023-scaled-e1701438306989-768x427.jpg 768w, https:\/\/www.baruffaldi.eu\/wp-content\/uploads\/2023\/11\/PMI-DAY-2023-scaled-e1701438306989-1536x855.jpg 1536w, https:\/\/www.baruffaldi.eu\/wp-content\/uploads\/2023\/11\/PMI-DAY-2023-scaled-e1701438306989-2048x1139.jpg 2048w\" sizes=\"(max-width: 900px) 100vw, 900px\" \/>\t\t\t\t\t\t\t\t\t\t\t\t\t\t\t<\/div>\n\t\t\t\t<\/div>\n\t\t\t\t\t<\/div>\n\t\t<\/div>\n\t\t\t\t\t\t\t<\/div>\n\t\t<\/section>\n\t\t\t\t\t\t<\/div>\n\t\t\t\t\t<\/div>\n\t\t","protected":false},"excerpt":{"rendered":"<p>Anche quest&#8217;anno il Gruppo Dosi ha partecipato al &#8220;Guidarello Giovani XVII &#8211; Reportage in Azienda&#8221;, organizzato da Confindustria Romagna<\/p>\n","protected":false},"author":15,"featured_media":20003,"comment_status":"closed","ping_status":"closed","sticky":false,"template":"elementor_header_footer","format":"standard","meta":[],"categories":[49,3,90,46,1],"tags":[],"aioseo_notices":[],"yoast_head":"<!-- This site is optimized with the Yoast SEO plugin v17.3 - https:\/\/yoast.com\/wordpress\/plugins\/seo\/ -->\n<title>Guidarello Giovani 2023 | Baruffaldi<\/title>\n<meta name=\"description\" content=\"Anche quest&#039;anno il Gruppo Dosi ha partecipato al &quot;Guidarello Giovani XVII - Reportage in Azienda&quot;, organizzato da Confindustria Romagna\" \/>\n<meta name=\"robots\" content=\"index, follow, max-snippet:-1, max-image-preview:large, max-video-preview:-1\" \/>\n<link rel=\"canonical\" href=\"https:\/\/www.baruffaldi.eu\/it\/2023\/11\/10\/guidarello-giovani-2023-baruffaldi\/\" \/>\n<meta property=\"og:locale\" content=\"it_IT\" \/>\n<meta property=\"og:type\" content=\"article\" \/>\n<meta property=\"og:title\" content=\"Guidarello Giovani 2023 | Baruffaldi\" \/>\n<meta property=\"og:description\" content=\"Anche quest&#039;anno il Gruppo Dosi ha partecipato al &quot;Guidarello Giovani XVII - Reportage in Azienda&quot;, organizzato da Confindustria Romagna\" \/>\n<meta property=\"og:url\" content=\"https:\/\/www.baruffaldi.eu\/it\/2023\/11\/10\/guidarello-giovani-2023-baruffaldi\/\" \/>\n<meta property=\"og:site_name\" content=\"Baruffaldi\" \/>\n<meta property=\"article:publisher\" content=\"https:\/\/www.facebook.com\/BaruffaldiPlasticTechnology\" \/>\n<meta property=\"article:published_time\" content=\"2023-11-10T14:40:18+00:00\" \/>\n<meta property=\"article:modified_time\" content=\"2023-12-01T13:45:19+00:00\" \/>\n<meta property=\"og:image\" content=\"https:\/\/www.baruffaldi.eu\/wp-content\/uploads\/2023\/11\/Premiazione-Guidarello-2023.png\" \/>\n\t<meta property=\"og:image:width\" content=\"780\" \/>\n\t<meta property=\"og:image:height\" content=\"440\" \/>\n<meta name=\"twitter:card\" content=\"summary_large_image\" \/>\n<meta name=\"twitter:label1\" content=\"Scritto da\" \/>\n\t<meta name=\"twitter:data1\" content=\"Sara Bressan\" \/>\n\t<meta name=\"twitter:label2\" content=\"Tempo di lettura stimato\" \/>\n\t<meta name=\"twitter:data2\" content=\"3 minuti\" \/>\n<script type=\"application\/ld+json\" class=\"yoast-schema-graph\">{\"@context\":\"https:\/\/schema.org\",\"@graph\":[{\"@type\":\"Organization\",\"@id\":\"https:\/\/www.baruffaldi.eu\/#organization\",\"name\":\"Baruffaldi Plastic Technology Srl\",\"url\":\"https:\/\/www.baruffaldi.eu\/\",\"sameAs\":[\"https:\/\/www.facebook.com\/BaruffaldiPlasticTechnology\",\"https:\/\/www.linkedin.com\/company\/baruffaldi-plastic-technology\/\",\"https:\/\/www.youtube.com\/channel\/UCYfq5v5yTPR9EOaArOg5CTQ\"],\"logo\":{\"@type\":\"ImageObject\",\"@id\":\"https:\/\/www.baruffaldi.eu\/#logo\",\"inLanguage\":\"it-IT\",\"url\":\"https:\/\/www.baruffaldi.eu\/wp-content\/uploads\/2020\/04\/Logo.png\",\"contentUrl\":\"https:\/\/www.baruffaldi.eu\/wp-content\/uploads\/2020\/04\/Logo.png\",\"width\":308,\"height\":102,\"caption\":\"Baruffaldi Plastic Technology Srl\"},\"image\":{\"@id\":\"https:\/\/www.baruffaldi.eu\/#logo\"}},{\"@type\":\"WebSite\",\"@id\":\"https:\/\/www.baruffaldi.eu\/#website\",\"url\":\"https:\/\/www.baruffaldi.eu\/\",\"name\":\"Baruffaldi\",\"description\":\"Dal 1953 Eccellenza Italiana\",\"publisher\":{\"@id\":\"https:\/\/www.baruffaldi.eu\/#organization\"},\"potentialAction\":[{\"@type\":\"SearchAction\",\"target\":{\"@type\":\"EntryPoint\",\"urlTemplate\":\"https:\/\/www.baruffaldi.eu\/?s={search_term_string}\"},\"query-input\":\"required name=search_term_string\"}],\"inLanguage\":\"it-IT\"},{\"@type\":\"ImageObject\",\"@id\":\"https:\/\/www.baruffaldi.eu\/it\/2023\/11\/10\/guidarello-giovani-2023-baruffaldi\/#primaryimage\",\"inLanguage\":\"it-IT\",\"url\":\"https:\/\/www.baruffaldi.eu\/wp-content\/uploads\/2023\/11\/Premiazione-Guidarello-2023.png\",\"contentUrl\":\"https:\/\/www.baruffaldi.eu\/wp-content\/uploads\/2023\/11\/Premiazione-Guidarello-2023.png\",\"width\":780,\"height\":440},{\"@type\":\"WebPage\",\"@id\":\"https:\/\/www.baruffaldi.eu\/it\/2023\/11\/10\/guidarello-giovani-2023-baruffaldi\/#webpage\",\"url\":\"https:\/\/www.baruffaldi.eu\/it\/2023\/11\/10\/guidarello-giovani-2023-baruffaldi\/\",\"name\":\"Guidarello Giovani 2023 | Baruffaldi\",\"isPartOf\":{\"@id\":\"https:\/\/www.baruffaldi.eu\/#website\"},\"primaryImageOfPage\":{\"@id\":\"https:\/\/www.baruffaldi.eu\/it\/2023\/11\/10\/guidarello-giovani-2023-baruffaldi\/#primaryimage\"},\"datePublished\":\"2023-11-10T14:40:18+00:00\",\"dateModified\":\"2023-12-01T13:45:19+00:00\",\"description\":\"Anche quest'anno il Gruppo Dosi ha partecipato al \\\"Guidarello Giovani XVII - Reportage in Azienda\\\", organizzato da Confindustria Romagna\",\"breadcrumb\":{\"@id\":\"https:\/\/www.baruffaldi.eu\/it\/2023\/11\/10\/guidarello-giovani-2023-baruffaldi\/#breadcrumb\"},\"inLanguage\":\"it-IT\",\"potentialAction\":[{\"@type\":\"ReadAction\",\"target\":[\"https:\/\/www.baruffaldi.eu\/it\/2023\/11\/10\/guidarello-giovani-2023-baruffaldi\/\"]}]},{\"@type\":\"BreadcrumbList\",\"@id\":\"https:\/\/www.baruffaldi.eu\/it\/2023\/11\/10\/guidarello-giovani-2023-baruffaldi\/#breadcrumb\",\"itemListElement\":[{\"@type\":\"ListItem\",\"position\":1,\"name\":\"Home\",\"item\":\"https:\/\/www.baruffaldi.eu\/it\/\"},{\"@type\":\"ListItem\",\"position\":2,\"name\":\"Guidarello Giovani 2023 &#8211; Una Sostenibilit\\u00e0 di Successo\"}]},{\"@type\":\"Article\",\"@id\":\"https:\/\/www.baruffaldi.eu\/it\/2023\/11\/10\/guidarello-giovani-2023-baruffaldi\/#article\",\"isPartOf\":{\"@id\":\"https:\/\/www.baruffaldi.eu\/it\/2023\/11\/10\/guidarello-giovani-2023-baruffaldi\/#webpage\"},\"author\":{\"@id\":\"https:\/\/www.baruffaldi.eu\/#\/schema\/person\/2a5e957cab871bf211080076f4607025\"},\"headline\":\"Guidarello Giovani 2023 &#8211; Una Sostenibilit\\u00e0 di Successo\",\"datePublished\":\"2023-11-10T14:40:18+00:00\",\"dateModified\":\"2023-12-01T13:45:19+00:00\",\"mainEntityOfPage\":{\"@id\":\"https:\/\/www.baruffaldi.eu\/it\/2023\/11\/10\/guidarello-giovani-2023-baruffaldi\/#webpage\"},\"wordCount\":341,\"publisher\":{\"@id\":\"https:\/\/www.baruffaldi.eu\/#organization\"},\"image\":{\"@id\":\"https:\/\/www.baruffaldi.eu\/it\/2023\/11\/10\/guidarello-giovani-2023-baruffaldi\/#primaryimage\"},\"thumbnailUrl\":\"https:\/\/www.baruffaldi.eu\/wp-content\/uploads\/2023\/11\/Premiazione-Guidarello-2023.png\",\"articleSection\":[\"Eventi\",\"Istituzionale\",\"News\",\"News\",\"Non categorizzato\"],\"inLanguage\":\"it-IT\"},{\"@type\":\"Person\",\"@id\":\"https:\/\/www.baruffaldi.eu\/#\/schema\/person\/2a5e957cab871bf211080076f4607025\",\"name\":\"Sara Bressan\",\"image\":{\"@type\":\"ImageObject\",\"@id\":\"https:\/\/www.baruffaldi.eu\/#personlogo\",\"inLanguage\":\"it-IT\",\"url\":\"https:\/\/secure.gravatar.com\/avatar\/446f42f038aeecdb9ae95644244cbc41?s=96&d=mm&r=g\",\"contentUrl\":\"https:\/\/secure.gravatar.com\/avatar\/446f42f038aeecdb9ae95644244cbc41?s=96&d=mm&r=g\",\"caption\":\"Sara Bressan\"},\"url\":\"https:\/\/www.baruffaldi.eu\/it\/author\/sarabressan\/\"}]}<\/script>\n<!-- \/ Yoast SEO plugin. -->","yoast_head_json":{"title":"Guidarello Giovani 2023 | Baruffaldi","description":"Anche quest'anno il Gruppo Dosi ha partecipato al \"Guidarello Giovani XVII - Reportage in Azienda\", organizzato da Confindustria Romagna","robots":{"index":"index","follow":"follow","max-snippet":"max-snippet:-1","max-image-preview":"max-image-preview:large","max-video-preview":"max-video-preview:-1"},"canonical":"https:\/\/www.baruffaldi.eu\/it\/2023\/11\/10\/guidarello-giovani-2023-baruffaldi\/","og_locale":"it_IT","og_type":"article","og_title":"Guidarello Giovani 2023 | Baruffaldi","og_description":"Anche quest'anno il Gruppo Dosi ha partecipato al \"Guidarello Giovani XVII - Reportage in Azienda\", organizzato da Confindustria Romagna","og_url":"https:\/\/www.baruffaldi.eu\/it\/2023\/11\/10\/guidarello-giovani-2023-baruffaldi\/","og_site_name":"Baruffaldi","article_publisher":"https:\/\/www.facebook.com\/BaruffaldiPlasticTechnology","article_published_time":"2023-11-10T14:40:18+00:00","article_modified_time":"2023-12-01T13:45:19+00:00","og_image":[{"width":780,"height":440,"url":"https:\/\/www.baruffaldi.eu\/wp-content\/uploads\/2023\/11\/Premiazione-Guidarello-2023.png","type":"image\/png"}],"twitter_card":"summary_large_image","twitter_misc":{"Scritto da":"Sara Bressan","Tempo di lettura stimato":"3 minuti"},"schema":{"@context":"https:\/\/schema.org","@graph":[{"@type":"Organization","@id":"https:\/\/www.baruffaldi.eu\/#organization","name":"Baruffaldi Plastic Technology Srl","url":"https:\/\/www.baruffaldi.eu\/","sameAs":["https:\/\/www.facebook.com\/BaruffaldiPlasticTechnology","https:\/\/www.linkedin.com\/company\/baruffaldi-plastic-technology\/","https:\/\/www.youtube.com\/channel\/UCYfq5v5yTPR9EOaArOg5CTQ"],"logo":{"@type":"ImageObject","@id":"https:\/\/www.baruffaldi.eu\/#logo","inLanguage":"it-IT","url":"https:\/\/www.baruffaldi.eu\/wp-content\/uploads\/2020\/04\/Logo.png","contentUrl":"https:\/\/www.baruffaldi.eu\/wp-content\/uploads\/2020\/04\/Logo.png","width":308,"height":102,"caption":"Baruffaldi Plastic Technology Srl"},"image":{"@id":"https:\/\/www.baruffaldi.eu\/#logo"}},{"@type":"WebSite","@id":"https:\/\/www.baruffaldi.eu\/#website","url":"https:\/\/www.baruffaldi.eu\/","name":"Baruffaldi","description":"Dal 1953 Eccellenza Italiana","publisher":{"@id":"https:\/\/www.baruffaldi.eu\/#organization"},"potentialAction":[{"@type":"SearchAction","target":{"@type":"EntryPoint","urlTemplate":"https:\/\/www.baruffaldi.eu\/?s={search_term_string}"},"query-input":"required name=search_term_string"}],"inLanguage":"it-IT"},{"@type":"ImageObject","@id":"https:\/\/www.baruffaldi.eu\/it\/2023\/11\/10\/guidarello-giovani-2023-baruffaldi\/#primaryimage","inLanguage":"it-IT","url":"https:\/\/www.baruffaldi.eu\/wp-content\/uploads\/2023\/11\/Premiazione-Guidarello-2023.png","contentUrl":"https:\/\/www.baruffaldi.eu\/wp-content\/uploads\/2023\/11\/Premiazione-Guidarello-2023.png","width":780,"height":440},{"@type":"WebPage","@id":"https:\/\/www.baruffaldi.eu\/it\/2023\/11\/10\/guidarello-giovani-2023-baruffaldi\/#webpage","url":"https:\/\/www.baruffaldi.eu\/it\/2023\/11\/10\/guidarello-giovani-2023-baruffaldi\/","name":"Guidarello Giovani 2023 | Baruffaldi","isPartOf":{"@id":"https:\/\/www.baruffaldi.eu\/#website"},"primaryImageOfPage":{"@id":"https:\/\/www.baruffaldi.eu\/it\/2023\/11\/10\/guidarello-giovani-2023-baruffaldi\/#primaryimage"},"datePublished":"2023-11-10T14:40:18+00:00","dateModified":"2023-12-01T13:45:19+00:00","description":"Anche quest'anno il Gruppo Dosi ha partecipato al \"Guidarello Giovani XVII - Reportage in Azienda\", organizzato da Confindustria Romagna","breadcrumb":{"@id":"https:\/\/www.baruffaldi.eu\/it\/2023\/11\/10\/guidarello-giovani-2023-baruffaldi\/#breadcrumb"},"inLanguage":"it-IT","potentialAction":[{"@type":"ReadAction","target":["https:\/\/www.baruffaldi.eu\/it\/2023\/11\/10\/guidarello-giovani-2023-baruffaldi\/"]}]},{"@type":"BreadcrumbList","@id":"https:\/\/www.baruffaldi.eu\/it\/2023\/11\/10\/guidarello-giovani-2023-baruffaldi\/#breadcrumb","itemListElement":[{"@type":"ListItem","position":1,"name":"Home","item":"https:\/\/www.baruffaldi.eu\/it\/"},{"@type":"ListItem","position":2,"name":"Guidarello Giovani 2023 &#8211; Una Sostenibilit\u00e0 di Successo"}]},{"@type":"Article","@id":"https:\/\/www.baruffaldi.eu\/it\/2023\/11\/10\/guidarello-giovani-2023-baruffaldi\/#article","isPartOf":{"@id":"https:\/\/www.baruffaldi.eu\/it\/2023\/11\/10\/guidarello-giovani-2023-baruffaldi\/#webpage"},"author":{"@id":"https:\/\/www.baruffaldi.eu\/#\/schema\/person\/2a5e957cab871bf211080076f4607025"},"headline":"Guidarello Giovani 2023 &#8211; Una Sostenibilit\u00e0 di Successo","datePublished":"2023-11-10T14:40:18+00:00","dateModified":"2023-12-01T13:45:19+00:00","mainEntityOfPage":{"@id":"https:\/\/www.baruffaldi.eu\/it\/2023\/11\/10\/guidarello-giovani-2023-baruffaldi\/#webpage"},"wordCount":341,"publisher":{"@id":"https:\/\/www.baruffaldi.eu\/#organization"},"image":{"@id":"https:\/\/www.baruffaldi.eu\/it\/2023\/11\/10\/guidarello-giovani-2023-baruffaldi\/#primaryimage"},"thumbnailUrl":"https:\/\/www.baruffaldi.eu\/wp-content\/uploads\/2023\/11\/Premiazione-Guidarello-2023.png","articleSection":["Eventi","Istituzionale","News","News","Non categorizzato"],"inLanguage":"it-IT"},{"@type":"Person","@id":"https:\/\/www.baruffaldi.eu\/#\/schema\/person\/2a5e957cab871bf211080076f4607025","name":"Sara Bressan","image":{"@type":"ImageObject","@id":"https:\/\/www.baruffaldi.eu\/#personlogo","inLanguage":"it-IT","url":"https:\/\/secure.gravatar.com\/avatar\/446f42f038aeecdb9ae95644244cbc41?s=96&d=mm&r=g","contentUrl":"https:\/\/secure.gravatar.com\/avatar\/446f42f038aeecdb9ae95644244cbc41?s=96&d=mm&r=g","caption":"Sara Bressan"},"url":"https:\/\/www.baruffaldi.eu\/it\/author\/sarabressan\/"}]}},"_links":{"self":[{"href":"https:\/\/www.baruffaldi.eu\/it\/wp-json\/wp\/v2\/posts\/20014"}],"collection":[{"href":"https:\/\/www.baruffaldi.eu\/it\/wp-json\/wp\/v2\/posts"}],"about":[{"href":"https:\/\/www.baruffaldi.eu\/it\/wp-json\/wp\/v2\/types\/post"}],"author":[{"embeddable":true,"href":"https:\/\/www.baruffaldi.eu\/it\/wp-json\/wp\/v2\/users\/15"}],"replies":[{"embeddable":true,"href":"https:\/\/www.baruffaldi.eu\/it\/wp-json\/wp\/v2\/comments?post=20014"}],"version-history":[{"count":21,"href":"https:\/\/www.baruffaldi.eu\/it\/wp-json\/wp\/v2\/posts\/20014\/revisions"}],"predecessor-version":[{"id":20072,"href":"https:\/\/www.baruffaldi.eu\/it\/wp-json\/wp\/v2\/posts\/20014\/revisions\/20072"}],"wp:featuredmedia":[{"embeddable":true,"href":"https:\/\/www.baruffaldi.eu\/it\/wp-json\/wp\/v2\/media\/20003"}],"wp:attachment":[{"href":"https:\/\/www.baruffaldi.eu\/it\/wp-json\/wp\/v2\/media?parent=20014"}],"wp:term":[{"taxonomy":"category","embeddable":true,"href":"https:\/\/www.baruffaldi.eu\/it\/wp-json\/wp\/v2\/categories?post=20014"},{"taxonomy":"post_tag","embeddable":true,"href":"https:\/\/www.baruffaldi.eu\/it\/wp-json\/wp\/v2\/tags?post=20014"}],"curies":[{"name":"wp","href":"https:\/\/api.w.org\/{rel}","templated":true}]}}